{"id":274,"date":"2022-08-23T11:26:55","date_gmt":"2022-08-23T11:26:55","guid":{"rendered":"https:\/\/www.shabana.fr\/blog\/?p=274"},"modified":"2022-11-20T10:52:26","modified_gmt":"2022-11-20T10:52:26","slug":"les-boucles-doreilles-une-histoire","status":"publish","type":"post","link":"https:\/\/www.shabana.fr\/blog\/les-boucles-doreilles-une-histoire\/","title":{"rendered":"Les boucles d\u2019oreilles\u00a0: une histoire"},"content":{"rendered":"<h2>Saviez-vous qu\u2019il existe toute une histoire derri\u00e8re les boucles d\u2019oreilles que vous faites porter \u00e0 vos petites filles ?<\/h2>\n<p>Oui, ces bijoux particuliers datent du IIIe mill\u00e9naire avant J\u00e9sus-Christ et m\u00eame bien avant si on inclut l\u2019utilisation d\u2019objets particuliers comme les coquillages et les galets pr\u00e9alablement polis comme composants de ces boucles.<\/p>\n<p>On vous donne ici un petit aper\u00e7u de l\u2019histoire des boucles d\u2019oreilles\u00a0:<\/p>\n<h3><strong>Une \u00e9volution en formes et motifs<\/strong><\/h3>\n<p>Si les boucles d\u2019oreilles que vous mettez aux oreilles de vos enfants se veulent d\u2019abord \u00eatre les clous d\u2019oreilles, vous faites bien de savoir que ces bijoux, retrouv\u00e9s pour la premi\u00e8re fois aux oreilles des divinit\u00e9s ont pris la forme originelle d\u2019anneaux, ronds ou de forme ovale.<\/p>\n<p><img loading=\"lazy\" decoding=\"async\" class=\"aligncenter size-full wp-image-281\" src=\"https:\/\/www.shabana.fr\/blog\/wp-content\/uploads\/2022\/08\/boucles-oreilles-histoire-6.jpeg\" alt=\"\" width=\"963\" height=\"668\" srcset=\"https:\/\/www.shabana.fr\/blog\/wp-content\/uploads\/2022\/08\/boucles-oreilles-histoire-6.jpeg 963w, https:\/\/www.shabana.fr\/blog\/wp-content\/uploads\/2022\/08\/boucles-oreilles-histoire-6-300x208.jpeg 300w, https:\/\/www.shabana.fr\/blog\/wp-content\/uploads\/2022\/08\/boucles-oreilles-histoire-6-768x533.jpeg 768w\" sizes=\"auto, (max-width: 963px) 100vw, 963px\" \/><\/p>\n<p>Ces anneaux ont ensuite \u00e9volu\u00e9 en portant de petits pendants, diff\u00e9rents d\u2019une paire de boucles \u00e0 l\u2019autre du fait de leur motif.<\/p>\n<p>Les ornements associ\u00e9s \u00e0 ces boucles ont \u00e9volu\u00e9 au fil du temps, allant des perles d\u2019or que l\u2019on appelle des gr\u00e8netis en passant par du verre, des filigranes ou encore de l\u2019ambre.<\/p>\n<p>Parlant des motifs proprement dits, ils imitaient les animaux, les formes humaines, les v\u00e9g\u00e9taux incluant plantes et fruits, mais aussi les animaux fantastiques \u00e0 l\u2019image du griffon.<\/p>\n<h3><strong>Un engouement changeant suivant les \u00e9poques<\/strong><\/h3>\n<p>Si la renaissance a emp\u00each\u00e9 la mode des boucles d\u2019oreilles pendantes du fait de la tendance des grosses coiffes, le XVIIe si\u00e8cle constituera un temps fort pour les pendants aux motifs v\u00e9g\u00e9taux rehauss\u00e9s de d\u00e9tails \u00e9clatants tels les \u00e9maux et les pierres pr\u00e9cieuses, les perles\u2026<\/p>\n<p><img loading=\"lazy\" decoding=\"async\" class=\"aligncenter size-full wp-image-280\" src=\"https:\/\/www.shabana.fr\/blog\/wp-content\/uploads\/2022\/08\/boucles-oreilles-histoire-5.jpeg\" alt=\"\" width=\"966\" height=\"667\" srcset=\"https:\/\/www.shabana.fr\/blog\/wp-content\/uploads\/2022\/08\/boucles-oreilles-histoire-5.jpeg 966w, https:\/\/www.shabana.fr\/blog\/wp-content\/uploads\/2022\/08\/boucles-oreilles-histoire-5-300x207.jpeg 300w, https:\/\/www.shabana.fr\/blog\/wp-content\/uploads\/2022\/08\/boucles-oreilles-histoire-5-768x530.jpeg 768w\" sizes=\"auto, (max-width: 966px) 100vw, 966px\" \/><\/p>\n<p>Ce f\u00fbt aussi le si\u00e8cle des girandoles, terme d\u00e9signant les pendants multiples qui formaient les boucles d\u2019oreilles de l\u2019\u00e9poque.<\/p>\n<p>Le si\u00e8cle des lumi\u00e8res, si\u00e8cle des coiffures remont\u00e9es, marquera une \u00e9volution plus remarquable des boucles d\u2019oreilles, orn\u00e9es de pierres \u00e0 facettes et se voulant \u00eatre plus impressionnantes que jamais tant par la taille que par les d\u00e9tails ornementaux.<\/p>\n<p>La r\u00e9volution et le XIXe si\u00e8cle feront \u00e9merger de nouveaux motifs, avec toujours un engouement pour les gros bijoux dont l\u2019\u00e9clat et la taille \u00e9taient fonction du statut social de celles qui les portent.<\/p>\n<p>Au d\u00e9but du XXe si\u00e8cle, les boucles d\u2019oreilles se font plus petites et misent plus sur les pierres pr\u00e9cieuses et la mati\u00e8re premi\u00e8re utilis\u00e9e que la taille. Les boucles d\u2019oreilles clip feront leur apparition dans les ann\u00e9es 30.<\/p>\n<p><img loading=\"lazy\" decoding=\"async\" class=\"aligncenter size-full wp-image-278\" src=\"https:\/\/www.shabana.fr\/blog\/wp-content\/uploads\/2022\/08\/boucles-oreilles-histoire-2.jpeg\" alt=\"\" width=\"965\" height=\"667\" srcset=\"https:\/\/www.shabana.fr\/blog\/wp-content\/uploads\/2022\/08\/boucles-oreilles-histoire-2.jpeg 965w, https:\/\/www.shabana.fr\/blog\/wp-content\/uploads\/2022\/08\/boucles-oreilles-histoire-2-300x207.jpeg 300w, https:\/\/www.shabana.fr\/blog\/wp-content\/uploads\/2022\/08\/boucles-oreilles-histoire-2-768x531.jpeg 768w\" sizes=\"auto, (max-width: 965px) 100vw, 965px\" \/><\/p>\n<p>Jusque dans les ann\u00e9es 60, le syst\u00e8me du clip a permis le port de boucles d\u2019oreilles imposantes. Le per\u00e7age des oreilles \u00e9tait m\u00eame consid\u00e9r\u00e9 comme un acte manquant de raffinement, mais cela sans compter l\u2019av\u00e8nement des ann\u00e9es 70, intronisant le diamant comme la gemme la plus pr\u00e9cieuse pour orner nos boucles d\u2019oreilles.<\/p>\n<p>Depuis les ann\u00e9es 80 \u00e0 ce jour, les boucles d\u2019oreilles gagnent aux c\u00f4t\u00e9s de la bague la premi\u00e8re place parmi les bijoux les plus port\u00e9s.<\/p>\n<p><img loading=\"lazy\" decoding=\"async\" class=\"aligncenter size-full wp-image-279\" src=\"https:\/\/www.shabana.fr\/blog\/wp-content\/uploads\/2022\/08\/boucles-oreilles-histoire-3.jpeg\" alt=\"\" width=\"971\" height=\"667\" srcset=\"https:\/\/www.shabana.fr\/blog\/wp-content\/uploads\/2022\/08\/boucles-oreilles-histoire-3.jpeg 971w, https:\/\/www.shabana.fr\/blog\/wp-content\/uploads\/2022\/08\/boucles-oreilles-histoire-3-300x206.jpeg 300w, https:\/\/www.shabana.fr\/blog\/wp-content\/uploads\/2022\/08\/boucles-oreilles-histoire-3-768x528.jpeg 768w\" sizes=\"auto, (max-width: 971px) 100vw, 971px\" \/><\/p>\n<p>Il est donc opportun de choisir les boucles d\u2019oreilles pour initier vos enfants \u00e0 la mode des bijoux.<\/p>\n<h3><strong>Les boucles d\u2019oreilles pour enfant\u00a0: une croyance<\/strong><\/h3>\n<p>Parlant des <a href=\"https:\/\/www.shabana.fr\/10-boucles-d-oreilles-enfant\">boucles d\u2019oreilles pour enfant<\/a>, l\u2019histoire raconte que les m\u00e8res de famille amenaient t\u00f4t leur petite fille se faire percer les oreilles, fortes qu\u2019elles \u00e9taient de la croyance qui disait que porter des boucles d\u2019oreilles am\u00e9liore la vue et l\u2019humeur\u00a0!<\/p>\n<p>On leur faisait alors porter des petits anneaux appel\u00e9s \u00ab\u00a0attentes\u00a0\u00bb, que l\u2019on lestait de perles et de corail au fur et \u00e0 mesure du temps qui passe pour \u00eatre remplac\u00e9es au final par des boucles d\u2019oreilles plus grandes.<\/p>\n","protected":false},"excerpt":{"rendered":"<p>Saviez-vous qu\u2019il existe toute une histoire derri\u00e8re les boucles d\u2019oreilles que vous faites porter \u00e0 vos petites filles ? Oui, ces bijoux particuliers datent du IIIe mill\u00e9naire avant J\u00e9sus-Christ et m\u00eame bien avant si on inclut l\u2019utilisation d\u2019objets particuliers comme les coquillages et les galets pr\u00e9alablement polis comme composants de ces boucles. On vous donne [&hellip;]<\/p>\n","protected":false},"author":1,"featured_media":277,"comment_status":"closed","ping_status":"closed","sticky":false,"template":"","format":"standard","meta":{"footnotes":""},"categories":[34],"tags":[19],"class_list":["post-274","post","type-post","status-publish","format-standard","has-post-thumbnail","hentry","category-actualite","tag-boucles-doreilles"],"yoast_head":"<!-- This site is optimized with the Yoast SEO plugin v19.4 - https:\/\/yoast.com\/wordpress\/plugins\/seo\/ -->\n<title>Les boucles d\u2019oreilles\u00a0: une histoire<\/title>\n<meta name=\"robots\" content=\"index, follow, max-snippet:-1, max-image-preview:large, max-video-preview:-1\" \/>\n<link rel=\"canonical\" href=\"https:\/\/www.shabana.fr\/blog\/les-boucles-doreilles-une-histoire\/\" \/>\n<meta property=\"og:locale\" content=\"fr_FR\" \/>\n<meta property=\"og:type\" content=\"article\" \/>\n<meta property=\"og:title\" content=\"Les boucles d\u2019oreilles\u00a0: une histoire\" \/>\n<meta property=\"og:description\" content=\"Saviez-vous qu\u2019il existe toute une histoire derri\u00e8re les boucles d\u2019oreilles que vous faites porter \u00e0 vos petites filles ? Oui, ces bijoux particuliers datent du IIIe mill\u00e9naire avant J\u00e9sus-Christ et m\u00eame bien avant si on inclut l\u2019utilisation d\u2019objets particuliers comme les coquillages et les galets pr\u00e9alablement polis comme composants de ces boucles. On vous donne [&hellip;]\" \/>\n<meta property=\"og:url\" content=\"https:\/\/www.shabana.fr\/blog\/les-boucles-doreilles-une-histoire\/\" \/>\n<meta property=\"og:site_name\" content=\"Blog Shabana\" \/>\n<meta property=\"article:publisher\" content=\"https:\/\/www.facebook.com\/Shabana.fr\/\" \/>\n<meta property=\"article:published_time\" content=\"2022-08-23T11:26:55+00:00\" \/>\n<meta property=\"article:modified_time\" content=\"2022-11-20T10:52:26+00:00\" \/>\n<meta property=\"og:image\" content=\"https:\/\/www.shabana.fr\/blog\/wp-content\/uploads\/2022\/08\/boucles-oreilles-histoire-1.jpg\" \/>\n\t<meta property=\"og:image:width\" content=\"967\" \/>\n\t<meta property=\"og:image:height\" content=\"596\" \/>\n\t<meta property=\"og:image:type\" content=\"image\/jpeg\" \/>\n<meta name=\"author\" content=\"Shabana\" \/>\n<meta name=\"twitter:card\" content=\"summary_large_image\" \/>\n<meta name=\"twitter:label1\" content=\"\u00c9crit par\" \/>\n\t<meta name=\"twitter:data1\" content=\"Shabana\" \/>\n\t<meta name=\"twitter:label2\" content=\"Dur\u00e9e de lecture estim\u00e9e\" \/>\n\t<meta name=\"twitter:data2\" content=\"4 minutes\" \/>\n<script type=\"application\/ld+json\" class=\"yoast-schema-graph\">{\"@context\":\"https:\/\/schema.org\",\"@graph\":[{\"@type\":\"Organization\",\"@id\":\"https:\/\/www.shabana.fr\/blog\/#organization\",\"name\":\"Shabana\",\"url\":\"https:\/\/www.shabana.fr\/blog\/\",\"sameAs\":[\"https:\/\/www.instagram.com\/shabanafr\/\",\"https:\/\/www.facebook.com\/Shabana.fr\/\"],\"logo\":{\"@type\":\"ImageObject\",\"inLanguage\":\"fr-FR\",\"@id\":\"https:\/\/www.shabana.fr\/blog\/#\/schema\/logo\/image\/\",\"url\":\"https:\/\/www.shabana.fr\/blog\/wp-content\/uploads\/2022\/07\/logo.jpg\",\"contentUrl\":\"https:\/\/www.shabana.fr\/blog\/wp-content\/uploads\/2022\/07\/logo.jpg\",\"width\":1352,\"height\":1352,\"caption\":\"Shabana\"},\"image\":{\"@id\":\"https:\/\/www.shabana.fr\/blog\/#\/schema\/logo\/image\/\"}},{\"@type\":\"WebSite\",\"@id\":\"https:\/\/www.shabana.fr\/blog\/#website\",\"url\":\"https:\/\/www.shabana.fr\/blog\/\",\"name\":\"Blog Shabana\",\"description\":\"Boucles d&#039;oreilles enfant\",\"publisher\":{\"@id\":\"https:\/\/www.shabana.fr\/blog\/#organization\"},\"potentialAction\":[{\"@type\":\"SearchAction\",\"target\":{\"@type\":\"EntryPoint\",\"urlTemplate\":\"https:\/\/www.shabana.fr\/blog\/?s={search_term_string}\"},\"query-input\":\"required name=search_term_string\"}],\"inLanguage\":\"fr-FR\"},{\"@type\":\"WebPage\",\"@id\":\"https:\/\/www.shabana.fr\/blog\/les-boucles-doreilles-une-histoire\/\",\"url\":\"https:\/\/www.shabana.fr\/blog\/les-boucles-doreilles-une-histoire\/\",\"name\":\"Les boucles d\u2019oreilles\u00a0: une histoire\",\"isPartOf\":{\"@id\":\"https:\/\/www.shabana.fr\/blog\/#website\"},\"datePublished\":\"2022-08-23T11:26:55+00:00\",\"dateModified\":\"2022-11-20T10:52:26+00:00\",\"breadcrumb\":{\"@id\":\"https:\/\/www.shabana.fr\/blog\/les-boucles-doreilles-une-histoire\/#breadcrumb\"},\"inLanguage\":\"fr-FR\",\"potentialAction\":[{\"@type\":\"ReadAction\",\"target\":[\"https:\/\/www.shabana.fr\/blog\/les-boucles-doreilles-une-histoire\/\"]}]},{\"@type\":\"BreadcrumbList\",\"@id\":\"https:\/\/www.shabana.fr\/blog\/les-boucles-doreilles-une-histoire\/#breadcrumb\",\"itemListElement\":[{\"@type\":\"ListItem\",\"position\":1,\"name\":\"Accueil\",\"item\":\"https:\/\/www.shabana.fr\/blog\/\"},{\"@type\":\"ListItem\",\"position\":2,\"name\":\"Les boucles d\u2019oreilles\u00a0: une histoire\"}]},{\"@type\":\"Article\",\"@id\":\"https:\/\/www.shabana.fr\/blog\/les-boucles-doreilles-une-histoire\/#article\",\"isPartOf\":{\"@id\":\"https:\/\/www.shabana.fr\/blog\/les-boucles-doreilles-une-histoire\/\"},\"author\":{\"name\":\"Shabana\",\"@id\":\"https:\/\/www.shabana.fr\/blog\/#\/schema\/person\/de55da7351a54d5170915ee990f844ea\"},\"headline\":\"Les boucles d\u2019oreilles\u00a0: une histoire\",\"datePublished\":\"2022-08-23T11:26:55+00:00\",\"dateModified\":\"2022-11-20T10:52:26+00:00\",\"mainEntityOfPage\":{\"@id\":\"https:\/\/www.shabana.fr\/blog\/les-boucles-doreilles-une-histoire\/\"},\"wordCount\":645,\"publisher\":{\"@id\":\"https:\/\/www.shabana.fr\/blog\/#organization\"},\"keywords\":[\"boucles d'oreilles\"],\"articleSection\":[\"Actualit\u00e9\"],\"inLanguage\":\"fr-FR\"},{\"@type\":\"Person\",\"@id\":\"https:\/\/www.shabana.fr\/blog\/#\/schema\/person\/de55da7351a54d5170915ee990f844ea\",\"name\":\"Shabana\",\"image\":{\"@type\":\"ImageObject\",\"inLanguage\":\"fr-FR\",\"@id\":\"https:\/\/www.shabana.fr\/blog\/#\/schema\/person\/image\/\",\"url\":\"https:\/\/secure.gravatar.com\/avatar\/75013dabc8f1a3be790698fe60508bd521bc44c6975943b798a9435bb831f000?s=96&d=mm&r=g\",\"contentUrl\":\"https:\/\/secure.gravatar.com\/avatar\/75013dabc8f1a3be790698fe60508bd521bc44c6975943b798a9435bb831f000?s=96&d=mm&r=g\",\"caption\":\"Shabana\"},\"sameAs\":[\"https:\/\/www.shabana.fr\/blog\"]}]}<\/script>\n<!-- \/ Yoast SEO plugin. -->","yoast_head_json":{"title":"Les boucles d\u2019oreilles\u00a0: une histoire","robots":{"index":"index","follow":"follow","max-snippet":"max-snippet:-1","max-image-preview":"max-image-preview:large","max-video-preview":"max-video-preview:-1"},"canonical":"https:\/\/www.shabana.fr\/blog\/les-boucles-doreilles-une-histoire\/","og_locale":"fr_FR","og_type":"article","og_title":"Les boucles d\u2019oreilles\u00a0: une histoire","og_description":"Saviez-vous qu\u2019il existe toute une histoire derri\u00e8re les boucles d\u2019oreilles que vous faites porter \u00e0 vos petites filles ? Oui, ces bijoux particuliers datent du IIIe mill\u00e9naire avant J\u00e9sus-Christ et m\u00eame bien avant si on inclut l\u2019utilisation d\u2019objets particuliers comme les coquillages et les galets pr\u00e9alablement polis comme composants de ces boucles. On vous donne [&hellip;]","og_url":"https:\/\/www.shabana.fr\/blog\/les-boucles-doreilles-une-histoire\/","og_site_name":"Blog Shabana","article_publisher":"https:\/\/www.facebook.com\/Shabana.fr\/","article_published_time":"2022-08-23T11:26:55+00:00","article_modified_time":"2022-11-20T10:52:26+00:00","og_image":[{"width":967,"height":596,"url":"https:\/\/www.shabana.fr\/blog\/wp-content\/uploads\/2022\/08\/boucles-oreilles-histoire-1.jpg","type":"image\/jpeg"}],"author":"Shabana","twitter_card":"summary_large_image","twitter_misc":{"\u00c9crit par":"Shabana","Dur\u00e9e de lecture estim\u00e9e":"4 minutes"},"schema":{"@context":"https:\/\/schema.org","@graph":[{"@type":"Organization","@id":"https:\/\/www.shabana.fr\/blog\/#organization","name":"Shabana","url":"https:\/\/www.shabana.fr\/blog\/","sameAs":["https:\/\/www.instagram.com\/shabanafr\/","https:\/\/www.facebook.com\/Shabana.fr\/"],"logo":{"@type":"ImageObject","inLanguage":"fr-FR","@id":"https:\/\/www.shabana.fr\/blog\/#\/schema\/logo\/image\/","url":"https:\/\/www.shabana.fr\/blog\/wp-content\/uploads\/2022\/07\/logo.jpg","contentUrl":"https:\/\/www.shabana.fr\/blog\/wp-content\/uploads\/2022\/07\/logo.jpg","width":1352,"height":1352,"caption":"Shabana"},"image":{"@id":"https:\/\/www.shabana.fr\/blog\/#\/schema\/logo\/image\/"}},{"@type":"WebSite","@id":"https:\/\/www.shabana.fr\/blog\/#website","url":"https:\/\/www.shabana.fr\/blog\/","name":"Blog Shabana","description":"Boucles d&#039;oreilles enfant","publisher":{"@id":"https:\/\/www.shabana.fr\/blog\/#organization"},"potentialAction":[{"@type":"SearchAction","target":{"@type":"EntryPoint","urlTemplate":"https:\/\/www.shabana.fr\/blog\/?s={search_term_string}"},"query-input":"required name=search_term_string"}],"inLanguage":"fr-FR"},{"@type":"WebPage","@id":"https:\/\/www.shabana.fr\/blog\/les-boucles-doreilles-une-histoire\/","url":"https:\/\/www.shabana.fr\/blog\/les-boucles-doreilles-une-histoire\/","name":"Les boucles d\u2019oreilles\u00a0: une histoire","isPartOf":{"@id":"https:\/\/www.shabana.fr\/blog\/#website"},"datePublished":"2022-08-23T11:26:55+00:00","dateModified":"2022-11-20T10:52:26+00:00","breadcrumb":{"@id":"https:\/\/www.shabana.fr\/blog\/les-boucles-doreilles-une-histoire\/#breadcrumb"},"inLanguage":"fr-FR","potentialAction":[{"@type":"ReadAction","target":["https:\/\/www.shabana.fr\/blog\/les-boucles-doreilles-une-histoire\/"]}]},{"@type":"BreadcrumbList","@id":"https:\/\/www.shabana.fr\/blog\/les-boucles-doreilles-une-histoire\/#breadcrumb","itemListElement":[{"@type":"ListItem","position":1,"name":"Accueil","item":"https:\/\/www.shabana.fr\/blog\/"},{"@type":"ListItem","position":2,"name":"Les boucles d\u2019oreilles\u00a0: une histoire"}]},{"@type":"Article","@id":"https:\/\/www.shabana.fr\/blog\/les-boucles-doreilles-une-histoire\/#article","isPartOf":{"@id":"https:\/\/www.shabana.fr\/blog\/les-boucles-doreilles-une-histoire\/"},"author":{"name":"Shabana","@id":"https:\/\/www.shabana.fr\/blog\/#\/schema\/person\/de55da7351a54d5170915ee990f844ea"},"headline":"Les boucles d\u2019oreilles\u00a0: une histoire","datePublished":"2022-08-23T11:26:55+00:00","dateModified":"2022-11-20T10:52:26+00:00","mainEntityOfPage":{"@id":"https:\/\/www.shabana.fr\/blog\/les-boucles-doreilles-une-histoire\/"},"wordCount":645,"publisher":{"@id":"https:\/\/www.shabana.fr\/blog\/#organization"},"keywords":["boucles d'oreilles"],"articleSection":["Actualit\u00e9"],"inLanguage":"fr-FR"},{"@type":"Person","@id":"https:\/\/www.shabana.fr\/blog\/#\/schema\/person\/de55da7351a54d5170915ee990f844ea","name":"Shabana","image":{"@type":"ImageObject","inLanguage":"fr-FR","@id":"https:\/\/www.shabana.fr\/blog\/#\/schema\/person\/image\/","url":"https:\/\/secure.gravatar.com\/avatar\/75013dabc8f1a3be790698fe60508bd521bc44c6975943b798a9435bb831f000?s=96&d=mm&r=g","contentUrl":"https:\/\/secure.gravatar.com\/avatar\/75013dabc8f1a3be790698fe60508bd521bc44c6975943b798a9435bb831f000?s=96&d=mm&r=g","caption":"Shabana"},"sameAs":["https:\/\/www.shabana.fr\/blog"]}]}},"_links":{"self":[{"href":"https:\/\/www.shabana.fr\/blog\/wp-json\/wp\/v2\/posts\/274","targetHints":{"allow":["GET"]}}],"collection":[{"href":"https:\/\/www.shabana.fr\/blog\/wp-json\/wp\/v2\/posts"}],"about":[{"href":"https:\/\/www.shabana.fr\/blog\/wp-json\/wp\/v2\/types\/post"}],"author":[{"embeddable":true,"href":"https:\/\/www.shabana.fr\/blog\/wp-json\/wp\/v2\/users\/1"}],"replies":[{"embeddable":true,"href":"https:\/\/www.shabana.fr\/blog\/wp-json\/wp\/v2\/comments?post=274"}],"version-history":[{"count":2,"href":"https:\/\/www.shabana.fr\/blog\/wp-json\/wp\/v2\/posts\/274\/revisions"}],"predecessor-version":[{"id":283,"href":"https:\/\/www.shabana.fr\/blog\/wp-json\/wp\/v2\/posts\/274\/revisions\/283"}],"wp:featuredmedia":[{"embeddable":true,"href":"https:\/\/www.shabana.fr\/blog\/wp-json\/wp\/v2\/media\/277"}],"wp:attachment":[{"href":"https:\/\/www.shabana.fr\/blog\/wp-json\/wp\/v2\/media?parent=274"}],"wp:term":[{"taxonomy":"category","embeddable":true,"href":"https:\/\/www.shabana.fr\/blog\/wp-json\/wp\/v2\/categories?post=274"},{"taxonomy":"post_tag","embeddable":true,"href":"https:\/\/www.shabana.fr\/blog\/wp-json\/wp\/v2\/tags?post=274"}],"curies":[{"name":"wp","href":"https:\/\/api.w.org\/{rel}","templated":true}]}}