{"id":145,"date":"2022-07-27T05:46:52","date_gmt":"2022-07-27T05:46:52","guid":{"rendered":"https:\/\/www.shabana.fr\/blog\/?p=145"},"modified":"2022-11-20T10:54:14","modified_gmt":"2022-11-20T10:54:14","slug":"lage-ideal-pour-porter-des-boucles-doreilles","status":"publish","type":"post","link":"https:\/\/www.shabana.fr\/blog\/lage-ideal-pour-porter-des-boucles-doreilles\/","title":{"rendered":"L\u2019\u00e2ge id\u00e9al pour porter des boucles d\u2019oreilles"},"content":{"rendered":"<h2>La question de nombreux parent : Quel est l&rsquo;\u00e2ge minimum d&rsquo;un enfant pour lui mettre des boucles d&rsquo;oreilles?<\/h2>\n<p>Faire porter des boucles d\u2019oreilles \u00e0 nos petites filles peut relever de la tradition familiale, de la culture ou m\u00eame de la requ\u00eate de nos enfants. Pour autant, en tant que parent, il est l\u00e9gitime de se demander si le temps est venu de franchir ce cap.<\/p>\n<p><img loading=\"lazy\" decoding=\"async\" class=\"aligncenter wp-image-146 size-full\" src=\"https:\/\/www.shabana.fr\/blog\/wp-content\/uploads\/2022\/07\/piercing-bebe-boucles-oreilles.jpeg\" alt=\"\" width=\"966\" height=\"668\" srcset=\"https:\/\/www.shabana.fr\/blog\/wp-content\/uploads\/2022\/07\/piercing-bebe-boucles-oreilles.jpeg 966w, https:\/\/www.shabana.fr\/blog\/wp-content\/uploads\/2022\/07\/piercing-bebe-boucles-oreilles-300x207.jpeg 300w, https:\/\/www.shabana.fr\/blog\/wp-content\/uploads\/2022\/07\/piercing-bebe-boucles-oreilles-768x531.jpeg 768w\" sizes=\"auto, (max-width: 966px) 100vw, 966px\" \/><\/p>\n<p>Pour dissiper vos doutes, on vous donne ici les pistes de r\u00e9flexion qui vous permettent de d\u00e9finir l\u2019\u00e2ge id\u00e9al de votre enfant pour porter des boucles d\u2019oreilles\u00a0:<\/p>\n<h3><strong>La question du per\u00e7age <\/strong><\/h3>\n<p>D\u00e9finir l\u2019\u00e2ge id\u00e9al pour porter des boucles d\u2019oreilles am\u00e8ne avant tout \u00e0 se demander \u00e0 quel \u00e2ge les oreilles de votre petite fille peuvent \u00eatre perc\u00e9es. La r\u00e9ponse \u00e0 cette question ne peut pas \u00eatre d\u00e9finitive, car chaque famille comme chaque enfant est diff\u00e9rent.<\/p>\n<p><img loading=\"lazy\" decoding=\"async\" class=\"aligncenter wp-image-148 size-full\" src=\"https:\/\/www.shabana.fr\/blog\/wp-content\/uploads\/2022\/07\/piercing-enfant.jpeg\" alt=\"\" width=\"965\" height=\"667\" srcset=\"https:\/\/www.shabana.fr\/blog\/wp-content\/uploads\/2022\/07\/piercing-enfant.jpeg 965w, https:\/\/www.shabana.fr\/blog\/wp-content\/uploads\/2022\/07\/piercing-enfant-300x207.jpeg 300w, https:\/\/www.shabana.fr\/blog\/wp-content\/uploads\/2022\/07\/piercing-enfant-768x531.jpeg 768w\" sizes=\"auto, (max-width: 965px) 100vw, 965px\" \/><\/p>\n<p>Nous ne pouvons que nous baser sur la pratique et celle-ci nous apprend que certaines familles percent les oreilles de leur enfant quelques semaines seulement apr\u00e8s la naissance pendant que d\u2019autres attendent que leur petite fille le demande.<\/p>\n<p>Un sp\u00e9cialiste pr\u00e9f\u00e8rera se focaliser plus sur la technique de per\u00e7age que sur l\u2019\u00e2ge de l\u2019enfant concern\u00e9. Il a \u00e9t\u00e9 d\u00e9montr\u00e9 que l\u2019utilisation d\u2019aiguille \u00e0 usage unique apparait comme une mani\u00e8re plus douce de percer les oreilles de nos jeunes enfants compar\u00e9 \u00e0 l\u2019application du pistolet perce-oreille.<\/p>\n<h3><strong>L\u2019\u00e2ge de r\u00e9f\u00e9rence pour porter des boucles d\u2019oreilles<\/strong><\/h3>\n<p>Il n\u2019existe pas de r\u00e8gle \u00e9tablie quant \u00e0 l\u2019\u00e2ge auquel un enfant devrait porter des boucles d\u2019oreilles et pour cause, il est possible de percer m\u00eame les oreilles d\u2019un b\u00e9b\u00e9Pour autant, il est plus conforme aux analyses des psychologues d\u2019attendre une manifestation de volont\u00e9 de la part de votre enfant. Il ne s\u2019agit pas uniquement du souci de respecter son int\u00e9grit\u00e9 physique, mais aussi de tenir compte de sa maturit\u00e9. L\u2019exp\u00e9rience du port de boucles d\u2019oreilles sera de loin plus int\u00e9ressante lorsque l\u2019enfant a conscience du changement ainsi envisag\u00e9.<\/p>\n<p><img loading=\"lazy\" decoding=\"async\" class=\"aligncenter wp-image-152 size-full\" src=\"https:\/\/www.shabana.fr\/blog\/wp-content\/uploads\/2022\/07\/piercing-enfant-boucles-oreilles-bijoux.jpeg\" alt=\"\" width=\"1000\" height=\"667\" srcset=\"https:\/\/www.shabana.fr\/blog\/wp-content\/uploads\/2022\/07\/piercing-enfant-boucles-oreilles-bijoux.jpeg 1000w, https:\/\/www.shabana.fr\/blog\/wp-content\/uploads\/2022\/07\/piercing-enfant-boucles-oreilles-bijoux-300x200.jpeg 300w, https:\/\/www.shabana.fr\/blog\/wp-content\/uploads\/2022\/07\/piercing-enfant-boucles-oreilles-bijoux-768x512.jpeg 768w\" sizes=\"auto, (max-width: 1000px) 100vw, 1000px\" \/><\/p>\n<p>Pour les parents qui ne veulent pas tenir compte de cette maturit\u00e9, on peut tout de m\u00eame conseiller d\u2019attendre un ou deux ans r\u00e9volus avant de faire porter des boucles d\u2019oreilles \u00e0 leur enfant.<\/p>\n<p>Ainsi, le lobe des oreilles aura assez grandi pour en faciliter le per\u00e7age tandis que l\u2019enfant aura eu tous ses vaccins ce qui limitera les risques d\u2019infection.<\/p>\n<p>De plus, c\u2019est en allant sur le chemin de l\u2019\u00e9cole primaire \u00a0que votre enfant manifestera son envie de porter <a href=\"https:\/\/www.shabana.fr\/10-boucles-d-oreilles?q=Genre-Enfant\">des boucles d\u2019oreilles pour enfant<\/a>, afin de se d\u00e9marquer, mais aussi suivre la tendance instaur\u00e9e par les camarades de classe.<\/p>\n","protected":false},"excerpt":{"rendered":"<p>La question de nombreux parent : Quel est l&rsquo;\u00e2ge minimum d&rsquo;un enfant pour lui mettre des boucles d&rsquo;oreilles? Faire porter des boucles d\u2019oreilles \u00e0 nos petites filles peut relever de la tradition familiale, de la culture ou m\u00eame de la requ\u00eate de nos enfants. Pour autant, en tant que parent, il est l\u00e9gitime de se [&hellip;]<\/p>\n","protected":false},"author":1,"featured_media":149,"comment_status":"closed","ping_status":"closed","sticky":false,"template":"","format":"standard","meta":{"footnotes":""},"categories":[17],"tags":[19,21,29],"class_list":["post-145","post","type-post","status-publish","format-standard","has-post-thumbnail","hentry","category-boucles-doreilles","tag-boucles-doreilles","tag-enfant","tag-piercing"],"yoast_head":"<!-- This site is optimized with the Yoast SEO plugin v19.4 - https:\/\/yoast.com\/wordpress\/plugins\/seo\/ -->\n<title>L\u2019\u00e2ge id\u00e9al pour porter des boucles d\u2019oreilles<\/title>\n<meta name=\"robots\" content=\"index, follow, max-snippet:-1, max-image-preview:large, max-video-preview:-1\" \/>\n<link rel=\"canonical\" href=\"https:\/\/www.shabana.fr\/blog\/lage-ideal-pour-porter-des-boucles-doreilles\/\" \/>\n<meta property=\"og:locale\" content=\"fr_FR\" \/>\n<meta property=\"og:type\" content=\"article\" \/>\n<meta property=\"og:title\" content=\"L\u2019\u00e2ge id\u00e9al pour porter des boucles d\u2019oreilles\" \/>\n<meta property=\"og:description\" content=\"La question de nombreux parent : Quel est l&rsquo;\u00e2ge minimum d&rsquo;un enfant pour lui mettre des boucles d&rsquo;oreilles? Faire porter des boucles d\u2019oreilles \u00e0 nos petites filles peut relever de la tradition familiale, de la culture ou m\u00eame de la requ\u00eate de nos enfants. Pour autant, en tant que parent, il est l\u00e9gitime de se [&hellip;]\" \/>\n<meta property=\"og:url\" content=\"https:\/\/www.shabana.fr\/blog\/lage-ideal-pour-porter-des-boucles-doreilles\/\" \/>\n<meta property=\"og:site_name\" content=\"Blog Shabana\" \/>\n<meta property=\"article:publisher\" content=\"https:\/\/www.facebook.com\/Shabana.fr\/\" \/>\n<meta property=\"article:published_time\" content=\"2022-07-27T05:46:52+00:00\" \/>\n<meta property=\"article:modified_time\" content=\"2022-11-20T10:54:14+00:00\" \/>\n<meta property=\"og:image\" content=\"https:\/\/www.shabana.fr\/blog\/wp-content\/uploads\/2022\/07\/piercing-enfant-boucles-oreilles.jpeg\" \/>\n\t<meta property=\"og:image:width\" content=\"960\" \/>\n\t<meta property=\"og:image:height\" content=\"667\" \/>\n\t<meta property=\"og:image:type\" content=\"image\/jpeg\" \/>\n<meta name=\"author\" content=\"Shabana\" \/>\n<meta name=\"twitter:card\" content=\"summary_large_image\" \/>\n<meta name=\"twitter:label1\" content=\"\u00c9crit par\" \/>\n\t<meta name=\"twitter:data1\" content=\"Shabana\" \/>\n\t<meta name=\"twitter:label2\" content=\"Dur\u00e9e de lecture estim\u00e9e\" \/>\n\t<meta name=\"twitter:data2\" content=\"3 minutes\" \/>\n<script type=\"application\/ld+json\" class=\"yoast-schema-graph\">{\"@context\":\"https:\/\/schema.org\",\"@graph\":[{\"@type\":\"Organization\",\"@id\":\"https:\/\/www.shabana.fr\/blog\/#organization\",\"name\":\"Shabana\",\"url\":\"https:\/\/www.shabana.fr\/blog\/\",\"sameAs\":[\"https:\/\/www.instagram.com\/shabanafr\/\",\"https:\/\/www.facebook.com\/Shabana.fr\/\"],\"logo\":{\"@type\":\"ImageObject\",\"inLanguage\":\"fr-FR\",\"@id\":\"https:\/\/www.shabana.fr\/blog\/#\/schema\/logo\/image\/\",\"url\":\"https:\/\/www.shabana.fr\/blog\/wp-content\/uploads\/2022\/07\/logo.jpg\",\"contentUrl\":\"https:\/\/www.shabana.fr\/blog\/wp-content\/uploads\/2022\/07\/logo.jpg\",\"width\":1352,\"height\":1352,\"caption\":\"Shabana\"},\"image\":{\"@id\":\"https:\/\/www.shabana.fr\/blog\/#\/schema\/logo\/image\/\"}},{\"@type\":\"WebSite\",\"@id\":\"https:\/\/www.shabana.fr\/blog\/#website\",\"url\":\"https:\/\/www.shabana.fr\/blog\/\",\"name\":\"Blog Shabana\",\"description\":\"Boucles d&#039;oreilles enfant\",\"publisher\":{\"@id\":\"https:\/\/www.shabana.fr\/blog\/#organization\"},\"potentialAction\":[{\"@type\":\"SearchAction\",\"target\":{\"@type\":\"EntryPoint\",\"urlTemplate\":\"https:\/\/www.shabana.fr\/blog\/?s={search_term_string}\"},\"query-input\":\"required name=search_term_string\"}],\"inLanguage\":\"fr-FR\"},{\"@type\":\"WebPage\",\"@id\":\"https:\/\/www.shabana.fr\/blog\/lage-ideal-pour-porter-des-boucles-doreilles\/\",\"url\":\"https:\/\/www.shabana.fr\/blog\/lage-ideal-pour-porter-des-boucles-doreilles\/\",\"name\":\"L\u2019\u00e2ge id\u00e9al pour porter des boucles d\u2019oreilles\",\"isPartOf\":{\"@id\":\"https:\/\/www.shabana.fr\/blog\/#website\"},\"datePublished\":\"2022-07-27T05:46:52+00:00\",\"dateModified\":\"2022-11-20T10:54:14+00:00\",\"breadcrumb\":{\"@id\":\"https:\/\/www.shabana.fr\/blog\/lage-ideal-pour-porter-des-boucles-doreilles\/#breadcrumb\"},\"inLanguage\":\"fr-FR\",\"potentialAction\":[{\"@type\":\"ReadAction\",\"target\":[\"https:\/\/www.shabana.fr\/blog\/lage-ideal-pour-porter-des-boucles-doreilles\/\"]}]},{\"@type\":\"BreadcrumbList\",\"@id\":\"https:\/\/www.shabana.fr\/blog\/lage-ideal-pour-porter-des-boucles-doreilles\/#breadcrumb\",\"itemListElement\":[{\"@type\":\"ListItem\",\"position\":1,\"name\":\"Accueil\",\"item\":\"https:\/\/www.shabana.fr\/blog\/\"},{\"@type\":\"ListItem\",\"position\":2,\"name\":\"L\u2019\u00e2ge id\u00e9al pour porter des boucles d\u2019oreilles\"}]},{\"@type\":\"Article\",\"@id\":\"https:\/\/www.shabana.fr\/blog\/lage-ideal-pour-porter-des-boucles-doreilles\/#article\",\"isPartOf\":{\"@id\":\"https:\/\/www.shabana.fr\/blog\/lage-ideal-pour-porter-des-boucles-doreilles\/\"},\"author\":{\"name\":\"Shabana\",\"@id\":\"https:\/\/www.shabana.fr\/blog\/#\/schema\/person\/de55da7351a54d5170915ee990f844ea\"},\"headline\":\"L\u2019\u00e2ge id\u00e9al pour porter des boucles d\u2019oreilles\",\"datePublished\":\"2022-07-27T05:46:52+00:00\",\"dateModified\":\"2022-11-20T10:54:14+00:00\",\"mainEntityOfPage\":{\"@id\":\"https:\/\/www.shabana.fr\/blog\/lage-ideal-pour-porter-des-boucles-doreilles\/\"},\"wordCount\":488,\"publisher\":{\"@id\":\"https:\/\/www.shabana.fr\/blog\/#organization\"},\"keywords\":[\"boucles d'oreilles\",\"enfant\",\"piercing\"],\"articleSection\":[\"Boucles d'oreilles\"],\"inLanguage\":\"fr-FR\"},{\"@type\":\"Person\",\"@id\":\"https:\/\/www.shabana.fr\/blog\/#\/schema\/person\/de55da7351a54d5170915ee990f844ea\",\"name\":\"Shabana\",\"image\":{\"@type\":\"ImageObject\",\"inLanguage\":\"fr-FR\",\"@id\":\"https:\/\/www.shabana.fr\/blog\/#\/schema\/person\/image\/\",\"url\":\"https:\/\/secure.gravatar.com\/avatar\/75013dabc8f1a3be790698fe60508bd521bc44c6975943b798a9435bb831f000?s=96&d=mm&r=g\",\"contentUrl\":\"https:\/\/secure.gravatar.com\/avatar\/75013dabc8f1a3be790698fe60508bd521bc44c6975943b798a9435bb831f000?s=96&d=mm&r=g\",\"caption\":\"Shabana\"},\"sameAs\":[\"https:\/\/www.shabana.fr\/blog\"]}]}<\/script>\n<!-- \/ Yoast SEO plugin. -->","yoast_head_json":{"title":"L\u2019\u00e2ge id\u00e9al pour porter des boucles d\u2019oreilles","robots":{"index":"index","follow":"follow","max-snippet":"max-snippet:-1","max-image-preview":"max-image-preview:large","max-video-preview":"max-video-preview:-1"},"canonical":"https:\/\/www.shabana.fr\/blog\/lage-ideal-pour-porter-des-boucles-doreilles\/","og_locale":"fr_FR","og_type":"article","og_title":"L\u2019\u00e2ge id\u00e9al pour porter des boucles d\u2019oreilles","og_description":"La question de nombreux parent : Quel est l&rsquo;\u00e2ge minimum d&rsquo;un enfant pour lui mettre des boucles d&rsquo;oreilles? Faire porter des boucles d\u2019oreilles \u00e0 nos petites filles peut relever de la tradition familiale, de la culture ou m\u00eame de la requ\u00eate de nos enfants. Pour autant, en tant que parent, il est l\u00e9gitime de se [&hellip;]","og_url":"https:\/\/www.shabana.fr\/blog\/lage-ideal-pour-porter-des-boucles-doreilles\/","og_site_name":"Blog Shabana","article_publisher":"https:\/\/www.facebook.com\/Shabana.fr\/","article_published_time":"2022-07-27T05:46:52+00:00","article_modified_time":"2022-11-20T10:54:14+00:00","og_image":[{"width":960,"height":667,"url":"https:\/\/www.shabana.fr\/blog\/wp-content\/uploads\/2022\/07\/piercing-enfant-boucles-oreilles.jpeg","type":"image\/jpeg"}],"author":"Shabana","twitter_card":"summary_large_image","twitter_misc":{"\u00c9crit par":"Shabana","Dur\u00e9e de lecture estim\u00e9e":"3 minutes"},"schema":{"@context":"https:\/\/schema.org","@graph":[{"@type":"Organization","@id":"https:\/\/www.shabana.fr\/blog\/#organization","name":"Shabana","url":"https:\/\/www.shabana.fr\/blog\/","sameAs":["https:\/\/www.instagram.com\/shabanafr\/","https:\/\/www.facebook.com\/Shabana.fr\/"],"logo":{"@type":"ImageObject","inLanguage":"fr-FR","@id":"https:\/\/www.shabana.fr\/blog\/#\/schema\/logo\/image\/","url":"https:\/\/www.shabana.fr\/blog\/wp-content\/uploads\/2022\/07\/logo.jpg","contentUrl":"https:\/\/www.shabana.fr\/blog\/wp-content\/uploads\/2022\/07\/logo.jpg","width":1352,"height":1352,"caption":"Shabana"},"image":{"@id":"https:\/\/www.shabana.fr\/blog\/#\/schema\/logo\/image\/"}},{"@type":"WebSite","@id":"https:\/\/www.shabana.fr\/blog\/#website","url":"https:\/\/www.shabana.fr\/blog\/","name":"Blog Shabana","description":"Boucles d&#039;oreilles enfant","publisher":{"@id":"https:\/\/www.shabana.fr\/blog\/#organization"},"potentialAction":[{"@type":"SearchAction","target":{"@type":"EntryPoint","urlTemplate":"https:\/\/www.shabana.fr\/blog\/?s={search_term_string}"},"query-input":"required name=search_term_string"}],"inLanguage":"fr-FR"},{"@type":"WebPage","@id":"https:\/\/www.shabana.fr\/blog\/lage-ideal-pour-porter-des-boucles-doreilles\/","url":"https:\/\/www.shabana.fr\/blog\/lage-ideal-pour-porter-des-boucles-doreilles\/","name":"L\u2019\u00e2ge id\u00e9al pour porter des boucles d\u2019oreilles","isPartOf":{"@id":"https:\/\/www.shabana.fr\/blog\/#website"},"datePublished":"2022-07-27T05:46:52+00:00","dateModified":"2022-11-20T10:54:14+00:00","breadcrumb":{"@id":"https:\/\/www.shabana.fr\/blog\/lage-ideal-pour-porter-des-boucles-doreilles\/#breadcrumb"},"inLanguage":"fr-FR","potentialAction":[{"@type":"ReadAction","target":["https:\/\/www.shabana.fr\/blog\/lage-ideal-pour-porter-des-boucles-doreilles\/"]}]},{"@type":"BreadcrumbList","@id":"https:\/\/www.shabana.fr\/blog\/lage-ideal-pour-porter-des-boucles-doreilles\/#breadcrumb","itemListElement":[{"@type":"ListItem","position":1,"name":"Accueil","item":"https:\/\/www.shabana.fr\/blog\/"},{"@type":"ListItem","position":2,"name":"L\u2019\u00e2ge id\u00e9al pour porter des boucles d\u2019oreilles"}]},{"@type":"Article","@id":"https:\/\/www.shabana.fr\/blog\/lage-ideal-pour-porter-des-boucles-doreilles\/#article","isPartOf":{"@id":"https:\/\/www.shabana.fr\/blog\/lage-ideal-pour-porter-des-boucles-doreilles\/"},"author":{"name":"Shabana","@id":"https:\/\/www.shabana.fr\/blog\/#\/schema\/person\/de55da7351a54d5170915ee990f844ea"},"headline":"L\u2019\u00e2ge id\u00e9al pour porter des boucles d\u2019oreilles","datePublished":"2022-07-27T05:46:52+00:00","dateModified":"2022-11-20T10:54:14+00:00","mainEntityOfPage":{"@id":"https:\/\/www.shabana.fr\/blog\/lage-ideal-pour-porter-des-boucles-doreilles\/"},"wordCount":488,"publisher":{"@id":"https:\/\/www.shabana.fr\/blog\/#organization"},"keywords":["boucles d'oreilles","enfant","piercing"],"articleSection":["Boucles d'oreilles"],"inLanguage":"fr-FR"},{"@type":"Person","@id":"https:\/\/www.shabana.fr\/blog\/#\/schema\/person\/de55da7351a54d5170915ee990f844ea","name":"Shabana","image":{"@type":"ImageObject","inLanguage":"fr-FR","@id":"https:\/\/www.shabana.fr\/blog\/#\/schema\/person\/image\/","url":"https:\/\/secure.gravatar.com\/avatar\/75013dabc8f1a3be790698fe60508bd521bc44c6975943b798a9435bb831f000?s=96&d=mm&r=g","contentUrl":"https:\/\/secure.gravatar.com\/avatar\/75013dabc8f1a3be790698fe60508bd521bc44c6975943b798a9435bb831f000?s=96&d=mm&r=g","caption":"Shabana"},"sameAs":["https:\/\/www.shabana.fr\/blog"]}]}},"_links":{"self":[{"href":"https:\/\/www.shabana.fr\/blog\/wp-json\/wp\/v2\/posts\/145","targetHints":{"allow":["GET"]}}],"collection":[{"href":"https:\/\/www.shabana.fr\/blog\/wp-json\/wp\/v2\/posts"}],"about":[{"href":"https:\/\/www.shabana.fr\/blog\/wp-json\/wp\/v2\/types\/post"}],"author":[{"embeddable":true,"href":"https:\/\/www.shabana.fr\/blog\/wp-json\/wp\/v2\/users\/1"}],"replies":[{"embeddable":true,"href":"https:\/\/www.shabana.fr\/blog\/wp-json\/wp\/v2\/comments?post=145"}],"version-history":[{"count":3,"href":"https:\/\/www.shabana.fr\/blog\/wp-json\/wp\/v2\/posts\/145\/revisions"}],"predecessor-version":[{"id":153,"href":"https:\/\/www.shabana.fr\/blog\/wp-json\/wp\/v2\/posts\/145\/revisions\/153"}],"wp:featuredmedia":[{"embeddable":true,"href":"https:\/\/www.shabana.fr\/blog\/wp-json\/wp\/v2\/media\/149"}],"wp:attachment":[{"href":"https:\/\/www.shabana.fr\/blog\/wp-json\/wp\/v2\/media?parent=145"}],"wp:term":[{"taxonomy":"category","embeddable":true,"href":"https:\/\/www.shabana.fr\/blog\/wp-json\/wp\/v2\/categories?post=145"},{"taxonomy":"post_tag","embeddable":true,"href":"https:\/\/www.shabana.fr\/blog\/wp-json\/wp\/v2\/tags?post=145"}],"curies":[{"name":"wp","href":"https:\/\/api.w.org\/{rel}","templated":true}]}}